{"id":3065,"date":"2022-11-06T23:05:42","date_gmt":"2022-11-06T20:05:42","guid":{"rendered":"https:\/\/egea.ee\/wordpress\/egea-aastakongress-2022-ungaris\/"},"modified":"2023-10-10T23:02:46","modified_gmt":"2023-10-10T20:02:46","slug":"egea-aastakongress-2022-ungaris","status":"publish","type":"post","link":"https:\/\/egea.ee\/wordpress\/egea-aastakongress-2022-ungaris\/","title":{"rendered":"EGEA aastakongress 2022 Ungaris"},"content":{"rendered":"\t\t<div data-elementor-type=\"wp-post\" data-elementor-id=\"3065\" class=\"elementor elementor-3065\" data-elementor-post-type=\"post\">\n\t\t\t\t\t\t<section class=\"elementor-section elementor-top-section elementor-element elementor-element-408db7b elementor-section-boxed elementor-section-height-default elementor-section-height-default\" data-id=\"408db7b\" data-element_type=\"section\">\n\t\t\t\t\t\t<div class=\"elementor-container elementor-column-gap-default\">\n\t\t\t\t\t<div class=\"elementor-column elementor-col-100 elementor-top-column elementor-element elementor-element-56f24bcb\" data-id=\"56f24bcb\" data-element_type=\"column\">\n\t\t\t<div class=\"elementor-widget-wrap elementor-element-populated\">\n\t\t\t\t\t\t<div class=\"elementor-element elementor-element-2f73359d elementor-widget elementor-widget-text-editor\" data-id=\"2f73359d\" data-element_type=\"widget\" data-widget_type=\"text-editor.default\">\n\t\t\t\t<div class=\"elementor-widget-container\">\n\t\t\t<style>\/*! elementor - v3.23.0 - 05-08-2024 *\/\n.elementor-widget-text-editor.elementor-drop-cap-view-stacked .elementor-drop-cap{background-color:#69727d;color:#fff}.elementor-widget-text-editor.elementor-drop-cap-view-framed .elementor-drop-cap{color:#69727d;border:3px solid;background-color:transparent}.elementor-widget-text-editor:not(.elementor-drop-cap-view-default) .elementor-drop-cap{margin-top:8px}.elementor-widget-text-editor:not(.elementor-drop-cap-view-default) .elementor-drop-cap-letter{width:1em;height:1em}.elementor-widget-text-editor .elementor-drop-cap{float:left;text-align:center;line-height:1;font-size:50px}.elementor-widget-text-editor .elementor-drop-cap-letter{display:inline-block}<\/style>\t\t\t\t<p>Sel aastal toimus EGEA Euroopa aastakongress 12.-17. septembrini Ungaris. EGEA-Tartu liikmetest kaheksa k\u00e4is Ungaris kohapeal, et arutada EGEA tuleviku \u00fcle, osaleda huvitavates t\u00f6\u00f6tubades ja ekskursioonidel. Aastakongressil toimub \u00fcldkogu (<i>General Assembly<\/i>), kus h\u00e4\u00e4letatakse EGEA jaoks olulistel teemadel. Igal <i>entity\u2019<\/i>l on n\u00f5ukogus \u00fcks h\u00e4\u00e4l.<\/p>\n<p>&nbsp;Meid esindas <i>General Assembly<\/i>l meie Euroopa-suunaline kontaktisik Karl Joann.<\/p>\n<p><a href=\"\\\\\\&quot;\\\\\\\\&quot;https:\/\/www.egea.ee\/wordpress\/wp-content\/uploads\/2022\/11\/Screenshot-2022-11-06-224313.jpg\\\\\\\\&quot;\\\\\\&quot;\"><img decoding=\"async\" class=\"\\\\\\&quot;\\\\\\\\&quot;\\\\\\&quot; aligncenter\" src=\"https:\/\/www.egea.ee\/wordpress\/wp-content\/uploads\/2022\/11\/Screenshot-2022-11-06-224313-1024x654.jpg\" alt=\"\\\\\\&quot;\\\\\\\\&quot;\\\\\\\\&quot;\\\\\\&quot;\" width=\"\\\\\\&quot;\\\\\\\\&quot;525\\\\\\\\&quot;\\\\\\&quot;\" height=\"\\\\\\&quot;\\\\\\\\&quot;335\\\\\\\\&quot;\\\\\\&quot;\"><\/a><i>General Assembly<\/i><\/p>\n<p>Suurem osa meist s\u00f5itis Ungarisse juba veidi varem, et teha l\u00e4hemalt tutvust Budapestiga. Ungari pealinnaga tutvumise juurde k\u00e4is Kalurite bastioni k\u00fclastus, parlamendihoone ja Buda lossi imetlemine ja Margareti saare k\u00fclastus. Vaatamata soojale ilmale ja sellele, et eestlastena ei ole me harjunud m\u00e4gedes ronima, suutsime ennast \u00fcletada ja ronida Buda-poolsel kaldal m\u00e4e tippu, kust avanes v\u00f5rratu vaade Budapesti kesklinnale.<\/p>\n<p><a href=\"\\\\\\&quot;\\\\\\\\&quot;https:\/\/www.egea.ee\/wordpress\/wp-content\/uploads\/2022\/11\/Screenshot-2022-11-06-224617.jpg\\\\\\\\&quot;\\\\\\&quot;\"><img decoding=\"async\" class=\"\\\\\\&quot;\\\\\\\\&quot;\\\\\\&quot; aligncenter\" src=\"https:\/\/www.egea.ee\/wordpress\/wp-content\/uploads\/2022\/11\/Screenshot-2022-11-06-224617.jpg\" alt=\"\\\\\\&quot;\\\\\\\\&quot;\\\\\\\\&quot;\\\\\\&quot;\" width=\"\\\\\\&quot;\\\\\\\\&quot;713\\\\\\\\&quot;\\\\\\&quot;\" height=\"\\\\\\&quot;\\\\\\\\&quot;931\\\\\\\\&quot;\\\\\\&quot;\"><\/a><\/p>\n<p><a href=\"\\\\\\&quot;\\\\\\\\&quot;https:\/\/www.egea.ee\/wordpress\/wp-content\/uploads\/2022\/11\/IMG-20220911-WA0005.jpg\\\\\\\\&quot;\\\\\\&quot;\"><img decoding=\"async\" class=\"\\\\\\&quot;\\\\\\\\&quot;alignnone\\\\\\&quot;\" src=\"https:\/\/www.egea.ee\/wordpress\/wp-content\/uploads\/2022\/11\/IMG-20220911-WA0005-1024x769.jpg\" alt=\"\\\\\\&quot;\\\\\\\\&quot;\\\\\\\\&quot;\\\\\\&quot;\" width=\"\\\\\\&quot;\\\\\\\\&quot;525\\\\\\\\&quot;\\\\\\&quot;\" height=\"\\\\\\&quot;\\\\\\\\&quot;394\\\\\\\\&quot;\\\\\\&quot;\"><\/a><\/p>\n<p>Kalurite bastionis<\/p>\n<p>Budapest koosneb kolmest varasemast linnast &#8211; Budast ja Bestist ning \u00d3budast, mida lahutab v\u00f5imas Doonau j\u00f5gi. Linnad liideti aastal 1873. Budapest on tuntud ka kui spaalinn, sest seal asub palju kuulsaid termaalveega spaasid, aga neisse me kahjuks selle reisi ajal ei j\u00f5udnud. Budapest on Euroopa Liidu suuruselt \u00fcheksas linn, kus elab \u00fcle 1,7 miljoni inimese.<\/p>\n<p><a href=\"\\\\\\&quot;\\\\\\\\&quot;https:\/\/www.egea.ee\/wordpress\/wp-content\/uploads\/2022\/11\/Screenshot-2022-11-06-230500.jpg\\\\\\\\&quot;\\\\\\&quot;\"><img decoding=\"async\" class=\"\\\\\\&quot;\\\\\\\\&quot;\\\\\\&quot; aligncenter\" src=\"https:\/\/www.egea.ee\/wordpress\/wp-content\/uploads\/2022\/11\/Screenshot-2022-11-06-230500.jpg\" alt=\"\\\\\\&quot;\\\\\\\\&quot;\\\\\\\\&quot;\\\\\\&quot;\" width=\"\\\\\\&quot;\\\\\\\\&quot;706\\\\\\\\&quot;\\\\\\&quot;\" height=\"\\\\\\&quot;\\\\\\\\&quot;938\\\\\\\\&quot;\\\\\\&quot;\"><\/a><\/p>\n<p>Linna avastamisest ei puudunud ka v\u00e4ike paadituur ja paaril \u00f5htul kohtusime linnas teiste EGEAlastega ning Budapesti geograafid olid lahkesti valmis meile tutvustama linna tuntumaid tudengite kohti. Geograafidena leidsime juba ise \u00fcles ka&nbsp;gentrifikeerunud piirkonna.<\/p>\n<p><a href=\"\\\\\\&quot;\\\\\\\\&quot;https:\/\/www.egea.ee\/wordpress\/wp-content\/uploads\/2022\/11\/Screenshot-2022-11-06-223159.jpg\\\\\\\\&quot;\\\\\\&quot;\"><img decoding=\"async\" class=\"\\\\\\&quot;\\\\\\\\&quot;\\\\\\&quot; aligncenter\" src=\"https:\/\/www.egea.ee\/wordpress\/wp-content\/uploads\/2022\/11\/Screenshot-2022-11-06-223159.jpg\" alt=\"\\\\\\&quot;\\\\\\\\&quot;\\\\\\\\&quot;\\\\\\&quot;\" width=\"\\\\\\&quot;\\\\\\\\&quot;717\\\\\\\\&quot;\\\\\\&quot;\" height=\"\\\\\\&quot;\\\\\\\\&quot;933\\\\\\\\&quot;\\\\\\&quot;\"><\/a><\/p>\n<p><a href=\"\\\\\\&quot;\\\\\\\\&quot;https:\/\/www.egea.ee\/wordpress\/wp-content\/uploads\/2022\/11\/Screenshot-2022-11-06-223301.jpg\\\\\\\\&quot;\\\\\\&quot;\"><img decoding=\"async\" class=\"\\\\\\&quot;\\\\\\\\&quot;\\\\\\&quot; aligncenter\" src=\"https:\/\/www.egea.ee\/wordpress\/wp-content\/uploads\/2022\/11\/Screenshot-2022-11-06-223301.jpg\" alt=\"\\\\\\&quot;\\\\\\\\&quot;\\\\\\\\&quot;\\\\\\&quot;\" width=\"\\\\\\&quot;\\\\\\\\&quot;715\\\\\\\\&quot;\\\\\\&quot;\" height=\"\\\\\\&quot;\\\\\\\\&quot;926\\\\\\\\&quot;\\\\\\&quot;\"><\/a>Gentrifikatsiooni ala ehk Budapesti Telliskivis v\u00f5i Aparaaditehases<\/p>\n<p>Esmasp\u00e4eval, 12. septembril algas kongress, mis toimus v\u00e4ikeses linnas nimega Szentendre, 20 km kaugusel Budapestist. Sinna viis meid kohalik rong, mille pilet maksis 44 senti. Meie \u00fcllatuseks pidime aga poole s\u00f5idu pealt rongist v\u00e4ljuma ja veidi ootama, kuni tuli ette uus t\u00e4pselt sama numbriga rong ja s\u00f5it v\u00f5is j\u00e4tkuda. Hiljem selgus, et teise rongi jaoks oleksime pidanud j\u00e4rgmise pileti ostma, aga see j\u00e4i meil teadmatuse t\u00f5ttu tegemata. Enne kongressi majutusse suundumist k\u00e4isime Szentendre vanalinnas v\u00e4ikese tiiru ja s\u00f5ime k\u00f5ik \u00fche <i>langos\u2019<\/i>i. Tegemist on Ungarile omase t\u00e4navatoiduga. Selle valmistamiseks friteeritakse lapik t\u00fckk tainast ja traditsiooniliselt lisatakse sellele veel k\u00fc\u00fcslauguv\u00f5id ja hapukoort, aga lisaks sellele saab vastavalt maitse-eelistustele lisada veel juustu, sinki, liha v\u00f5i muud meelep\u00e4rast. Vaatamata sellele, et tegemist on p\u00e4ris rammusa toiduga, v\u00f5itis <i>langos<\/i> meie k\u00f5igi s\u00fcdamed.<\/p>\n<p>Nagu k\u00f5igile kongressidele kohane, algas ka seekordne aastakongress avas\u00f5nadega korraldajatelt ja EGEA Euroopa juhatuselt, kus aastal 2021\/22 oli ka meie Marie Johanna. Edasi andis <i>newbie\/oldie<\/i> <i>area<\/i> v\u00f5imaluse uutele EGEAlastele tutvuda EGEA struktuuriga ja vanadele olijatele omavahel suhelda. Kongressi toit pakkus k\u00f5igile palju \u00fcllatusi. K\u00fcll sai hommikus\u00f6\u00f6giks vaid kaks frankfurterit, \u00fchel \u00f5htul saime traditsioonilist Ungari kirsisuppi, mis oli nagu soe kissell rohke kaneeli ja nelgiga, ning lisaks said kaks osalejat toidum\u00fcrgistuse. Elamus missugune. \ud83d\ude00<\/p>\n<p><a href=\"\\\\\\&quot;\\\\\\\\&quot;https:\/\/www.egea.ee\/wordpress\/wp-content\/uploads\/2022\/11\/IMG-20220917-WA0051.jpg\\\\\\\\&quot;\\\\\\&quot;\"><img decoding=\"async\" class=\"\\\\\\&quot;\\\\\\\\&quot;\\\\\\&quot; aligncenter\" src=\"https:\/\/www.egea.ee\/wordpress\/wp-content\/uploads\/2022\/11\/IMG-20220917-WA0051-768x1024.jpg\" alt=\"\\\\\\&quot;\\\\\\\\&quot;\\\\\\\\&quot;\\\\\\&quot;\" width=\"\\\\\\&quot;\\\\\\\\&quot;525\\\\\\\\&quot;\\\\\\&quot;\" height=\"\\\\\\&quot;\\\\\\\\&quot;700\\\\\\\\&quot;\\\\\\&quot;\"><\/a>Eestlaste kogunemine peale l\u00f5unas\u00f6\u00f6ki.<\/p>\n<p>Edasised kongressi p\u00e4evad olid sisustatud huvitavate t\u00f6\u00f6tubadega ja \u00fcldkoguga. T\u00f6\u00f6tubadest oli valikus n\u00e4iteks termaalsoojusele keskenduv t\u00f6\u00f6tuba, kus tutvuti Euroopa termaalenergia potentsiaaliga ning sellega, millest on selline energia jaotus p\u00f5hjustatud. Teistes t\u00f6\u00f6tubades sai uurida n\u00e4iteks mikroplasti hulka Doonaus, parandada oma esinemisoskusi, v\u00f5tta osa vaimse tervise t\u00f6\u00f6toast, uurida Doonau-\u00e4\u00e4rset asustust ja saada rohkem teada j\u00f5gede kaitsest.<\/p>\n<p>K\u00f5igil kongressidel on \u00fcks p\u00e4ev p\u00fchendatud ekskursioonidele, Ungaris oli valik \u00fcsna lai. \u00dcks r\u00fchm osalejaid s\u00f5itis Esztergomi, et tutvuda selle maalilise piirilinnaga, mis oli kunagi Ungari pealinnaks ja usukeskuseks. Praegusel ajal on linn j\u00e4\u00e4nud siiski riigi oluliseks usukeskuseks. Linna k\u00f5ige iseloomulikumaks s\u00fcmboliks on v\u00f5imas katedraal ja keskaegne kindlus. Teisel pool Doonau j\u00f5ge asub juba Slovakkia. K\u00e4isime ekskursioonil katedraalis, nautisime m\u00e4e otsast vaadet Doonaule ja teisel pool j\u00f5ge asuvale Slovakkia linnale Sturovole. Linnas asub ka Doonau muuseum, mida k\u00fclastasime, ja jalutasime l\u00e4bi vanalinna. Kuna aega j\u00e4i veidi \u00fcle, otsustasime \u00fcletada silla ja vaadata \u00fcle ka Slovakkia pool, kus s\u00f5ime kooki ja j\u00f5ime kohvi.<\/p>\n<p><a href=\"\\\\\\&quot;\\\\\\\\&quot;https:\/\/www.egea.ee\/wordpress\/wp-content\/uploads\/2022\/11\/IMG-20220915-WA0015.jpg\\\\\\\\&quot;\\\\\\&quot;\"><img decoding=\"async\" class=\"\\\\\\&quot;\\\\\\\\&quot;alignnone\\\\\\&quot;\" src=\"https:\/\/www.egea.ee\/wordpress\/wp-content\/uploads\/2022\/11\/IMG-20220915-WA0015-1024x577.jpg\" alt=\"\\\\\\&quot;\\\\\\\\&quot;\\\\\\\\&quot;\\\\\\&quot;\" width=\"\\\\\\&quot;\\\\\\\\&quot;525\\\\\\\\&quot;\\\\\\&quot;\" height=\"\\\\\\&quot;\\\\\\\\&quot;296\\\\\\\\&quot;\\\\\\&quot;\"><\/a>Esztergomis ja teisel pool j\u00f5ge juba Slovakkia.<\/p>\n<p>\u00dcks ekskursioonidest viis osalejad rattamatkale m\u00f6\u00f6da Doonau kaldaid, kus l\u00f5pppunktis sai m\u00e4ngida v\u00f5rkpalli ja nautida ilusat ilma. Lisaks k\u00e4idi linnaekskursioonidel, paadiga s\u00f5itmas ja matka kanjonis ja m\u00e4gedes.<\/p>\n<p>Kanjonis matkajad ja Esztergomi k\u00fclastajad jagasid ekskursioonile minekuks sama bussi. Tagasiteel v\u00f5ttis buss peale esmalt Esztergomis k\u00e4inud, kes olid just saanud tunda paduvihma ja olid \u00fcleni m\u00e4rjad. Edasi pidime minema j\u00e4rele matkajatele, aga juba poolel teel hakkas buss imelikke h\u00e4\u00e4li tegema ja l\u00f5puks suri tee \u00e4\u00e4res v\u00e4lja. Peale m\u00f5ningaid parandust\u00f6id saime edasi liikuda, kuniks buss j\u00e4lle tee \u00e4\u00e4rde seisma j\u00e4i. L\u00f5puks j\u00f5udsime bussi vastuhakkamisele vaatamata kolm tundi hiljem matkajateni, kes pidid seni meid metsas ootama. \u00d5nneks oli meile \u00f6\u00f6bimiskohas pandud \u00f5htus\u00f6\u00f6ki k\u00f5rvale ja saime \u00f5nnelikult tagasi \u00f5htus\u00f6\u00f6ki nautima.<\/p>\n<p><a href=\"\\\\\\&quot;\\\\\\\\&quot;https:\/\/www.egea.ee\/wordpress\/wp-content\/uploads\/2022\/11\/IMG-20220915-WA0013.jpg\\\\\\\\&quot;\\\\\\&quot;\"><img decoding=\"async\" class=\"\\\\\\&quot;\\\\\\\\&quot;alignnone\\\\\\&quot;\" src=\"https:\/\/www.egea.ee\/wordpress\/wp-content\/uploads\/2022\/11\/IMG-20220915-WA0013-1024x577.jpg\" alt=\"\\\\\\&quot;\\\\\\\\&quot;\\\\\\\\&quot;\\\\\\&quot;\" width=\"\\\\\\&quot;\\\\\\\\&quot;525\\\\\\\\&quot;\\\\\\&quot;\" height=\"\\\\\\&quot;\\\\\\\\&quot;296\\\\\\\\&quot;\\\\\\&quot;\"><\/a>Esztergomi seltskond katedraali ees.<\/p>\n<p>Kongressi juures on oluline ka vabas vormis meelelahutuslik \u00f5htune programm, et geograafide omavahelist suhtlust veelgi suurendada. Esimesel \u00f5htul oli n\u00e4iteks Ungari \u00f5htu, kus tutvusime Ungari rahvatantsudega ja kuulasime kohalikku muusikat. Edasi tuli T\u00fcrgi \u00f5htu, kus lisaks tantsudele ja muusikale olid kohal ka ennustajad, kes ennustasid sulle valitud teemal tulevikku. K\u00f5ik said endale \u00f5nnetoova silma ja proovida tuntud T\u00fcrgi maiustusi. Kaasa laulmise ja tantsimise poolest kujunes k\u00f5ige menukamaks aga ABBA \u00f5htu, kus k\u00f5ik osalesid diskoajastu kost\u00fc\u00fcmides ja nautisid ABBA muusikat. K\u00f5igil EGEA rahvusvahelistel \u00fcritustel on \u00fcks \u00f5htu p\u00fchendatud osalejate maade kultuuriga tutvumisele. Sellel \u00f5htul toovad k\u00f5ik maad v\u00e4lja enda riigile k\u00f5ige iseloomulikumad toidud ja joogid, kannavad oma rahvariideid ja tutvustavad veidi ka oma traditsioone.<\/p>\n<p>Viimasel p\u00e4eval koos viimase n\u00f5ukogu koosolekuga vabastatakse ametist eelmise aasta EGEA Euroopa ametlikel positsioonidel olnud ja m\u00e4\u00e4ratakse ametisse uued inimesed. Mis t\u00e4hendab, et meie Marie Johanna vabastati sekret\u00e4ri kohustustest. Aga suure EGEA juhatuses on uuel aastal Tartu ikkagi esindatud &#8211; Sigrid v\u00f5ttis endale raamatupidaja kohustused. Palju edu talle selles. Koos EGEA juhatusega vabastati ametist ka eelmised regioonide tiimid ja m\u00e4\u00e4rati ametisse uued. EGEA-Tartust j\u00e4tkab uuel aastal regiooni assistendi kohustusi Elina Maarja ja uue assistendina asub ametisse Agnes. Meie regiooni kontaktisikuks on eesseisval aastal Veera EGEA-Turkust.<\/p>\n<p><a href=\"\\\\\\&quot;\\\\\\\\&quot;https:\/\/www.egea.ee\/wordpress\/wp-content\/uploads\/2022\/11\/Screenshot-2022-11-06-225654.jpg\\\\\\\\&quot;\\\\\\&quot;\"><img decoding=\"async\" class=\"\\\\\\&quot;\\\\\\\\&quot;alignnone\\\\\\&quot;\" src=\"https:\/\/www.egea.ee\/wordpress\/wp-content\/uploads\/2022\/11\/Screenshot-2022-11-06-225654-1024x708.jpg\" alt=\"\\\\\\&quot;\\\\\\\\&quot;\\\\\\\\&quot;\\\\\\&quot;\" width=\"\\\\\\&quot;\\\\\\\\&quot;525\\\\\\\\&quot;\\\\\\&quot;\" height=\"\\\\\\&quot;\\\\\\\\&quot;363\\\\\\\\&quot;\\\\\\&quot;\"><\/a><\/p><p>Viimane \u00f5htu.<\/p>\n<p>Aastakongress m\u00f6\u00f6dus nii kiirelt, et enne kui arugi saime, oli juba aeg hakata tagasi Eesti poole s\u00f5itma. Ait\u00e4h k\u00f5igile korraldajatele ja osalejatele, kes meiega selle n\u00e4dala Ungaris veetsid!<\/p>\n<p><a href=\"\\\\\\&quot;\\\\\\\\&quot;https:\/\/www.egea.ee\/wordpress\/wp-content\/uploads\/2022\/11\/Screenshot-2022-11-06-223658.jpg\\\\\\\\&quot;\\\\\\&quot;\"><img decoding=\"async\" class=\"\\\\\\&quot;\\\\\\\\&quot;alignnone\\\\\\&quot;\" src=\"https:\/\/www.egea.ee\/wordpress\/wp-content\/uploads\/2022\/11\/Screenshot-2022-11-06-223658-1024x553.jpg\" alt=\"\\\\\\&quot;\\\\\\\\&quot;\\\\\\\\&quot;\\\\\\&quot;\" width=\"\\\\\\&quot;\\\\\\\\&quot;525\\\\\\\\&quot;\\\\\\&quot;\" height=\"\\\\\\&quot;\\\\\\\\&quot;284\\\\\\\\&quot;\\\\\\&quot;\"><\/a><\/p>\n<p>Thank you everyone and see you somewhere in Europe! ?<\/p>\t\t\t\t\t\t<\/div>\n\t\t\t\t<\/div>\n\t\t\t\t\t<\/div>\n\t\t<\/div>\n\t\t\t\t\t<\/div>\n\t\t<\/section>\n\t\t\t\t<\/div>\n\t\t","protected":false},"excerpt":{"rendered":"<p>Sel aastal toimus EGEA Euroopa aastakongress 12.-17. septembrini Ungaris. EGEA-Tartu liikmetest kaheksa k\u00e4is Ungaris kohapeal, et arutada EGEA tuleviku \u00fcle, osaleda huvitavates t\u00f6\u00f6tubades ja ekskursioonidel. Aastakongressil toimub \u00fcldkogu (General Assembly), kus h\u00e4\u00e4letatakse EGEA jaoks olulistel teemadel. Igal entity\u2019l on n\u00f5ukogus \u00fcks h\u00e4\u00e4l. &nbsp;Meid esindas General Assemblyl meie Euroopa-suunaline kontaktisik Karl Joann. General Assembly Suurem osa [&hellip;]<\/p>\n","protected":false},"author":6,"featured_media":4259,"comment_status":"open","ping_status":"open","sticky":false,"template":"","format":"standard","meta":{"site-sidebar-layout":"default","site-content-layout":"default","ast-site-content-layout":"","site-content-style":"default","site-sidebar-style":"default","ast-global-header-display":"","ast-banner-title-visibility":"","ast-main-header-display":"","ast-hfb-above-header-display":"","ast-hfb-below-header-display":"","ast-hfb-mobile-header-display":"","site-post-title":"","ast-breadcrumbs-content":"","ast-featured-img":"","footer-sml-layout":"","theme-transparent-header-meta":"default","adv-header-id-meta":"","stick-header-meta":"","header-above-stick-meta":"","header-main-stick-meta":"","header-below-stick-meta":"","astra-migrate-meta-layouts":"default","ast-page-background-enabled":"default","ast-page-background-meta":{"desktop":{"background-color":"var(--ast-global-color-4)","background-image":"","background-repeat":"repeat","background-position":"center center","background-size":"auto","background-attachment":"scroll","background-type":"","background-media":"","overlay-type":"","overlay-color":"","overlay-opacity":"","overlay-gradient":""},"tablet":{"background-color":"","background-image":"","background-repeat":"repeat","background-position":"center center","background-size":"auto","background-attachment":"scroll","background-type":"","background-media":"","overlay-type":"","overlay-color":"","overlay-opacity":"","overlay-gradient":""},"mobile":{"background-color":"","background-image":"","background-repeat":"repeat","background-position":"center center","background-size":"auto","background-attachment":"scroll","background-type":"","background-media":"","overlay-type":"","overlay-color":"","overlay-opacity":"","overlay-gradient":""}},"ast-content-background-meta":{"desktop":{"background-color":"var(--ast-global-color-5)","background-image":"","background-repeat":"repeat","background-position":"center center","background-size":"auto","background-attachment":"scroll","background-type":"","background-media":"","overlay-type":"","overlay-color":"","overlay-opacity":"","overlay-gradient":""},"tablet":{"background-color":"var(--ast-global-color-5)","background-image":"","background-repeat":"repeat","background-position":"center center","background-size":"auto","background-attachment":"scroll","background-type":"","background-media":"","overlay-type":"","overlay-color":"","overlay-opacity":"","overlay-gradient":""},"mobile":{"background-color":"var(--ast-global-color-5)","background-image":"","background-repeat":"repeat","background-position":"center center","background-size":"auto","background-attachment":"scroll","background-type":"","background-media":"","overlay-type":"","overlay-color":"","overlay-opacity":"","overlay-gradient":""}},"footnotes":""},"categories":[17],"tags":[],"class_list":["post-3065","post","type-post","status-publish","format-standard","has-post-thumbnail","hentry","category-kongress"],"_links":{"self":[{"href":"https:\/\/egea.ee\/wordpress\/wp-json\/wp\/v2\/posts\/3065","targetHints":{"allow":["GET"]}}],"collection":[{"href":"https:\/\/egea.ee\/wordpress\/wp-json\/wp\/v2\/posts"}],"about":[{"href":"https:\/\/egea.ee\/wordpress\/wp-json\/wp\/v2\/types\/post"}],"author":[{"embeddable":true,"href":"https:\/\/egea.ee\/wordpress\/wp-json\/wp\/v2\/users\/6"}],"replies":[{"embeddable":true,"href":"https:\/\/egea.ee\/wordpress\/wp-json\/wp\/v2\/comments?post=3065"}],"version-history":[{"count":13,"href":"https:\/\/egea.ee\/wordpress\/wp-json\/wp\/v2\/posts\/3065\/revisions"}],"predecessor-version":[{"id":4564,"href":"https:\/\/egea.ee\/wordpress\/wp-json\/wp\/v2\/posts\/3065\/revisions\/4564"}],"wp:featuredmedia":[{"embeddable":true,"href":"https:\/\/egea.ee\/wordpress\/wp-json\/wp\/v2\/media\/4259"}],"wp:attachment":[{"href":"https:\/\/egea.ee\/wordpress\/wp-json\/wp\/v2\/media?parent=3065"}],"wp:term":[{"taxonomy":"category","embeddable":true,"href":"https:\/\/egea.ee\/wordpress\/wp-json\/wp\/v2\/categories?post=3065"},{"taxonomy":"post_tag","embeddable":true,"href":"https:\/\/egea.ee\/wordpress\/wp-json\/wp\/v2\/tags?post=3065"}],"curies":[{"name":"wp","href":"https:\/\/api.w.org\/{rel}","templated":true}]}}