{"id":4499,"date":"2023-09-18T18:19:55","date_gmt":"2023-09-18T15:19:55","guid":{"rendered":"https:\/\/egea.ee\/wordpress\/?p=4499"},"modified":"2023-09-18T18:50:03","modified_gmt":"2023-09-18T15:50:03","slug":"kuidas-nautida-euroopa-volusid-eestis-ehk-north-and-baltic-congress-2023-nbrc23","status":"publish","type":"post","link":"https:\/\/egea.ee\/wordpress\/kuidas-nautida-euroopa-volusid-eestis-ehk-north-and-baltic-congress-2023-nbrc23\/","title":{"rendered":"Kuidas nautida Euroopa v\u00f5lusid Eestis ehk North and Baltic Congress 2023 (NBRC23)"},"content":{"rendered":"\t\t<div data-elementor-type=\"wp-post\" data-elementor-id=\"4499\" class=\"elementor elementor-4499\" data-elementor-post-type=\"post\">\n\t\t\t\t\t\t<section class=\"elementor-section elementor-top-section elementor-element elementor-element-475e8e5e elementor-section-boxed elementor-section-height-default elementor-section-height-default\" data-id=\"475e8e5e\" data-element_type=\"section\">\n\t\t\t\t\t\t<div class=\"elementor-container elementor-column-gap-default\">\n\t\t\t\t\t<div class=\"elementor-column elementor-col-100 elementor-top-column elementor-element elementor-element-6ced1ad7\" data-id=\"6ced1ad7\" data-element_type=\"column\">\n\t\t\t<div class=\"elementor-widget-wrap elementor-element-populated\">\n\t\t\t\t\t\t<div class=\"elementor-element elementor-element-579ab9bc elementor-widget elementor-widget-text-editor\" data-id=\"579ab9bc\" data-element_type=\"widget\" data-widget_type=\"text-editor.default\">\n\t\t\t\t<div class=\"elementor-widget-container\">\n\t\t\t<style>\/*! elementor - v3.23.0 - 05-08-2024 *\/\n.elementor-widget-text-editor.elementor-drop-cap-view-stacked .elementor-drop-cap{background-color:#69727d;color:#fff}.elementor-widget-text-editor.elementor-drop-cap-view-framed .elementor-drop-cap{color:#69727d;border:3px solid;background-color:transparent}.elementor-widget-text-editor:not(.elementor-drop-cap-view-default) .elementor-drop-cap{margin-top:8px}.elementor-widget-text-editor:not(.elementor-drop-cap-view-default) .elementor-drop-cap-letter{width:1em;height:1em}.elementor-widget-text-editor .elementor-drop-cap{float:left;text-align:center;line-height:1;font-size:50px}.elementor-widget-text-editor .elementor-drop-cap-letter{display:inline-block}<\/style>\t\t\t\t<p><i><span style=\"font-weight: 400;\">Meeleolu loomiseks kuulata hitt-lugusi nii <\/span><\/i><a href=\"https:\/\/www.youtube.com\/watch?v=Zd6fwliA7_k\" target=\"_blank\" rel=\"noopener\"><i><span style=\"font-weight: 400;\">meilt<\/span><\/i><\/a><i><span style=\"font-weight: 400;\">, kui ka <\/span><\/i><a href=\"https:\/\/www.youtube.com\/watch?v=gf-D6zEKgpg\" target=\"_blank\" rel=\"noopener\"><i><span style=\"font-weight: 400;\">v\u00e4lismaalt<\/span><\/i><\/a><i><span style=\"font-weight: 400;\">.<\/span><\/i><\/p>\n<p><span style=\"font-weight: 400;\">Lennukaid ideid on meil ikka olnud, eriti kui asi puudutab rahvusvahelist seltskonda. Meie hulgas on palju neid, kes ise rohkelt v\u00e4lismaal ringi k\u00e4inud ning nautinud sealset rahvusvahelist \u00f5hustikku. Palju on r\u00e4\u00e4gitud sellest, et Kesk-Euroopas on elu nii lihtne, kuna k\u00f5ik on k\u00e4e-jala juures ja \u00fcritused toimuvad vaid rongis\u00f5idu kaugusel. Meie oleme seda kadedusega pealt vaadanud ja kangemad meist aastaks (v\u00f5i kauemaks) kodumaa mulla taldadelt p\u00fchkinud ning l\u00e4inud ise n-\u00f6 Suurde Euroopasse. Aga see ei ole ometi ju lahendus. Ka meie elame Euroopas ja ka meie v\u00f5iksime nautida rahvusvahelist seltskonda. Mis seal ikka, tuleb ise \u00e4ra teha.<\/span><\/p>\n<p><span style=\"font-weight: 400;\">Idee kongressi korraldada tuli Agnesel ja Mariel aasta varem Saksamaal l\u00e4\u00e4ne regiooni kongressil k\u00e4ies. Esimene harjutus kongressi korraldamiseks oli 2022 augustis toimunud <\/span><a href=\"https:\/\/egea.ee\/wordpress\/wordpress\/baltic-weekend-2022-palmses\/\" target=\"_blank\" rel=\"noopener\"><span style=\"font-weight: 400;\">Baltic Weekend<\/span><\/a><span style=\"font-weight: 400;\">, kus vaatamata nimele ja veidi ka meie \u00fcllatuseks, tuldi kohale \u00fcpris kaugelt. Baltic Weekendist kujunes t\u00f5eline Kongress Lite koos sisutiheda programmiga ja veel sisutihedamate \u00f5htutega. Kongress Lite on seda asjakohasem \u00f6elda, et Baltic Weekend ja NBRC23 aasta hiljem toimusid \u00fcksteisest pelgalt 10 km kaugusel. Kuna meie, P\u00f5hja-Balti regioonis on raskekahurv\u00e4ge v\u00e4he (on ka nalja vistud, et North and Baltic regiooni peaks \u00fcmber nimetama Tartu and Vilnius regiooniks), siis vaatama sellele, et me alles 2019. a korraldasime regiooni kongressi (millest skandaalsel kombel ei ole blogilugu!), tuli meil j\u00e4llegi ette v\u00f5tta see suur\u00fcrituse korraldamise kadalipp.<\/span><\/p><p><span style=\"font-weight: 400;\"><br><\/span><\/p>\n<p><\/p>\n<p><img fetchpriority=\"high\" decoding=\"async\" class=\"alignnone wp-image-4500 size-large\" src=\"https:\/\/egea.ee\/wordpress\/wordpress\/wp-content\/uploads\/2023\/09\/nbrc-360-1024x683.jpg\" alt=\"\" width=\"1024\" height=\"683\" srcset=\"https:\/\/egea.ee\/wordpress\/wp-content\/uploads\/2023\/09\/nbrc-360-1024x683.jpg 1024w, https:\/\/egea.ee\/wordpress\/wp-content\/uploads\/2023\/09\/nbrc-360-300x200.jpg 300w, https:\/\/egea.ee\/wordpress\/wp-content\/uploads\/2023\/09\/nbrc-360-768x512.jpg 768w, https:\/\/egea.ee\/wordpress\/wp-content\/uploads\/2023\/09\/nbrc-360-1536x1024.jpg 1536w, https:\/\/egea.ee\/wordpress\/wp-content\/uploads\/2023\/09\/nbrc-360-2048x1365.jpg 2048w\" sizes=\"(max-width: 1024px) 100vw, 1024px\" \/><\/p>\n<p><i><span style=\"font-weight: 400;\">Pilt 1. Rahvas kuulamas t\u00e4helepanelikult me suuri juhte Agnest ja Mariet. Autor HN<\/span><\/i><\/p>\n<p><span style=\"font-weight: 400;\">Siinkohal tahaksin r\u00f5hutada, et loo autor ei olnud mitte mingit moodi kongressi p\u00f5hij\u00f5ud ega kandnud enda \u00f5lul v\u00e4ga suurt vastutust. See koorem langes meie kahele peakorraldajale \u2013 Agnesele ja Mariele. K\u00f5igepealt sai pikema jututa paika kongressi maskott, milleks sai h\u00fcljes. Talle pandi ka l\u00e4bi Instagrami konkursi nimi Sneezly, kuid see ei j\u00e4\u00e4nud kellegile meelde. Tiim oli ka rahvusvaheline lisaks EGEA-Tartu liikmetele oli meil tiimis ka inimesi Milanost ja Turkust. Toimumispaigaks sai M\u00e4nnisalu Puhkekeskus V\u00f5sul, kus toimus ka EGEA aastakongress aastal 1994.&nbsp; Kongressi teemaks sai L\u00e4\u00e4nemeri ja sellest tulenevalt olid ka k\u00f5ik kongressi t\u00f6\u00f6toad seotud mere uurimise ja heaoluga. Siinkohal oleks paslik v\u00e4lja tuua, mida t\u00e4psemalt t\u00f6\u00f6tubades uuriti:<\/span><\/p>\n<ol>\n<li><span style=\"font-weight: 400;\"> Kaugseire t\u00f6\u00f6tuba \u2013 SAR<\/span><\/li>\n<\/ol>\n<p><span style=\"font-weight: 400;\">L\u00e4\u00e4nemere rannad muutuvad igal aastal. P\u00f5hjusteks on muuhulgas maakerge, talvised j\u00e4\u00e4massid ja inimtegevus. Kaugseire t\u00f6\u00f6toas uuriti SAR-piltide abil L\u00e4\u00e4nemere ranniku muutumist aja ja aastaaegade muutumisel.<\/span><\/p>\n<ol start=\"2\">\n<li><span style=\"font-weight: 400;\"> Sinivetikate \u00f5itsemise kaugseire L\u00e4\u00e4nemeres<\/span><\/li>\n<\/ol>\n<p><span style=\"font-weight: 400;\">Sinivetikate ilmumine L\u00e4\u00e4nemere rannikuvette on suvel kahjuks tuttav n\u00e4htus. Satelliidipilte ja kaugseiret kasutavas t\u00f6\u00f6toas uuriti sinivetikate \u00f5itsemise esinemist ja levikut L\u00e4\u00e4nemeres.<\/span><\/p>\n<ol start=\"3\">\n<li><span style=\"font-weight: 400;\"> Bioloogiliselt mitmekesised j\u00f5ed aitavad kaasa L\u00e4\u00e4nemere tervisele<\/span><\/li>\n<\/ol>\n<p><span style=\"font-weight: 400;\">J\u00f5ed on L\u00e4\u00e4nemere tervise seisukohalt v\u00e4ga olulised, seet\u00f5ttu uuriti j\u00f5gede elurikkusele spetsialiseerunud t\u00f6\u00f6toas V\u00f5su j\u00f5e liike ja seda, kuidas inimene on muutnud liikide elluj\u00e4\u00e4misv\u00f5imalusi.<\/span><\/p>\n<ol start=\"4\">\n<li><span style=\"font-weight: 400;\"> Vahendid rannamaastike planeerimiseks<\/span><\/li>\n<\/ol>\n<p><span style=\"font-weight: 400;\">Inimesed naudivad rannikuid ning inimtegevuse reguleerimiseks tuleb regionaalplaneeringut teha nii maal kui merel. Rannikuala planeerimise t\u00f6\u00f6toas uuriti inimtegevuse ja liikide elupaikade paiknemist rannikul ning nende vahelisi konflikte.<\/span><\/p>\n<ol start=\"5\">\n<li><span style=\"font-weight: 400;\"> Avamere ja maismaa tuuleparkide planeerimise erinevuse \u00f5ppimine<\/span><\/li>\n<\/ol>\n<p><span style=\"font-weight: 400;\">\u00dchiskondade energiavajadused kasvavad ja me peame leidma j\u00e4tkusuutlikud viisid rohkema energia tootmiseks. Tuuleenergia t\u00f6\u00f6toas \u00f5piti tundma nii rannikul kui merel t\u00f6\u00f6tavate tuulikute eeliseid ja puudusi.<\/span><\/p>\n<p><span style=\"font-weight: 400;\"><br><\/span><\/p>\n<p><\/p>\n<p><span style=\"font-weight: 400;\">Kongressi osaks olid ka kaks ekskursiooni, \u00fcks K\u00e4smu ja teine Ida-Virumaale. Kuna loo autor juhtis just Ida-Viru reisi, siis sellest ka veidi pikemalt. Alustasime Ida-Virumaa tundmist Suure Kolmega, millest k\u00f5ik on tehislikud. Ehk siis \u2013 Aidu karj\u00e4\u00e4r, tuham\u00e4ed ja Valaste juga. P\u00f5levkivit\u00f6\u00f6stus oli paljudele uudne n\u00e4htus ning sellega kaasnevaid maastiku ilminguid kiideti v\u00e4ga. Euroopa geograafidele n\u00e4itasime Eestimaa kindlasti \u00fchte suurimat t\u00f5mbenumbrit \u2013 Sillam\u00e4ge. Paljud polnud k\u00e4inud \u00fcheski (endises) kinnises linnas, paljud ei olnud varem kuulnudki, et sellised linnad \u00fcldse eksisteerisid. Egealasi pani ka imestama venekeelse keskkonna olek, omap\u00e4ra ja p\u00fcsivus. Narva linn pakkus vaatamiseks okastraati ja teisel pool okastraati olevat Venemaad. K\u00e4isime ka Narva-J\u00f5esuus t\u00f5estamaks, et ka Eestis v\u00f5ib tuul p\u00e4ris k\u00f5va olla (Narva-J\u00f5esuu kail oli v\u00e4ga tuuline).<\/span><\/p><p><span style=\"font-weight: 400;\"><br><\/span><\/p>\n<p><\/p>\n<p><img decoding=\"async\" class=\"alignnone wp-image-4503 size-large\" src=\"https:\/\/egea.ee\/wordpress\/wordpress\/wp-content\/uploads\/2023\/09\/DSC_6970-1-1024x683.jpg\" alt=\"\" width=\"1024\" height=\"683\" srcset=\"https:\/\/egea.ee\/wordpress\/wp-content\/uploads\/2023\/09\/DSC_6970-1-1024x683.jpg 1024w, https:\/\/egea.ee\/wordpress\/wp-content\/uploads\/2023\/09\/DSC_6970-1-300x200.jpg 300w, https:\/\/egea.ee\/wordpress\/wp-content\/uploads\/2023\/09\/DSC_6970-1-768x512.jpg 768w, https:\/\/egea.ee\/wordpress\/wp-content\/uploads\/2023\/09\/DSC_6970-1.jpg 1169w\" sizes=\"(max-width: 1024px) 100vw, 1024px\" \/><\/p>\n<p><i><span style=\"font-weight: 400;\">Pilt 2. Narva veehoidla l\u00fc\u00fcside juures, kuhu on meie naabri vaenulikkuse tagaj\u00e4rjel paigaldatud ohtralt okastraati. Lehvitasime ka piirikatele. Autor hr. Meier EGEA Z\u00fcrichist.<\/span><\/i><\/p>\n<p><span style=\"font-weight: 400;\">K\u00e4smu matka viisid l\u00e4bi t\u00f6\u00f6tubade peakorraldaja Maria ning vabatahtlik Kai Ly. Matk m\u00f6\u00f6da K\u00e4smu lahe rannajoont kestis oma poolteist tundi, kuid geograafide jaoks oli see kui v\u00e4ike jalutusk\u00e4ik. Ekskursiooni sihtpunkt oli K\u00e4smu meremuuseum, kus egealastele tutvustas eksponaate ja Eesti ajalugu muuseumi perenaine. Huvi pakkusid nii vanad kaardid kui ka ammused h\u00fclgep\u00fc\u00fcgiriistad ning k\u00e4es sai hoida mitme saja aastast rasket relva. Tore oli teada saada, et muuseumis elatakse ka igap\u00e4evaselt. P\u00e4rast v\u00e4ikest kehakinnitust j\u00e4tkus matk m\u00f6\u00f6da rannikut, kus pildi peatusi tehti vaatetorni ning erinevate r\u00e4ndrahnude peale ronimiseks. Matka l\u00f5pus saime rannajoonelt n\u00e4ha Saartneeme ehk Kuradisaart, kuid t\u00f5usuvee t\u00f5ttu sinnaminekut ette ei v\u00f5etud ning see paik j\u00e4\u00e4b j\u00e4rgmist korda ootama.<\/span><\/p><p><span style=\"font-weight: 400;\"><br><\/span><\/p>\n<p><\/p>\n<p><img decoding=\"async\" class=\"alignnone wp-image-4502 size-large\" style=\"font-style: inherit; font-weight: inherit;\" src=\"https:\/\/egea.ee\/wordpress\/wordpress\/wp-content\/uploads\/2023\/09\/P1060463-1024x767.jpg\" alt=\"\" width=\"1024\" height=\"767\" srcset=\"https:\/\/egea.ee\/wordpress\/wp-content\/uploads\/2023\/09\/P1060463-1024x767.jpg 1024w, https:\/\/egea.ee\/wordpress\/wp-content\/uploads\/2023\/09\/P1060463-300x225.jpg 300w, https:\/\/egea.ee\/wordpress\/wp-content\/uploads\/2023\/09\/P1060463-768x575.jpg 768w, https:\/\/egea.ee\/wordpress\/wp-content\/uploads\/2023\/09\/P1060463.jpg 1041w\" sizes=\"(max-width: 1024px) 100vw, 1024px\" \/><\/p>\n<p><i><span style=\"font-weight: 400;\">Pilt 3. Matkalised ronimas K\u00e4smu Majakam\u00e4e kivi peal. Autor pr. <\/span><\/i><i><span style=\"font-weight: 400;\">Van Cleemput <\/span><\/i><i><span style=\"font-weight: 400;\">EGEA Leuvenist.<\/span><\/i><\/p>\n<p><span style=\"font-weight: 400;\">Ilmus ka Heli koostatud Daily Geographer, mille sisuks oli peamiselt \u00f5htuses programmis aset leidnud vahejuhtumid ning viimasel \u00f5htul valmis isegi sinna loo autori poolt horoskoop. \u00d5htuti k\u00e4idi saunas, tutvuti \u00fcksteise kultuuridega ja loomulikult ei puudunud ka varavalgeni kestvad tantsumaratonid. Kindlasti peaks \u00e4ra mainima Eesti \u00f5htul esinenud <\/span><i><span style=\"font-weight: 400;\">live<\/span><\/i><span style=\"font-weight: 400;\">-b\u00e4ndi koosseisus Villem l\u00f5\u00f5tsaga ja teda saatmas Marie \u00f5de and co viiulitel ja torupillil.&nbsp;<\/span><\/p>\n<p><span style=\"font-weight: 400;\">Kokkuv\u00f5tvalt v\u00f5ib \u00f6elda, et peamine \u00f5nnestus \u2013 osalejatele \u00fcritus meeldis ja midagi totaalselt v\u00f5ssa ei l\u00e4inud. Liiga suuri tervise t\u00fcsistusi korraldustiim ei saanud ja n\u00fc\u00fcd, neli kuud hiljem, ei tundu meie vaimsed kannatused ka enam nii jubedad. \u00dcritus oli \u00e4ge, veel \u00e4gedam et me selle korralikult \u00e4ra tegime ja eriti \u00e4ge on muidugi see, et ka Eestis olles saab kogeda Suure EGEA m\u00f5nusid.<\/span><\/p>\n<p><span style=\"font-weight: 400;\">&nbsp;<\/span><\/p>\n<p><span style=\"font-weight: 400;\">Teiega alati<\/span><\/p>\n<p><span style=\"font-weight: 400;\">professionaalne helping-hand Hendrik<\/span><\/p>\n<p><span style=\"font-weight: 400;\">Eesti-Soome maav\u00f5itluse v\u00f5itja, Eesti-Leedu maav\u00f5istluse viigis osalenu<\/span><\/p>\n<p><span style=\"font-weight: 400;\">&nbsp;<\/span><\/p>\n<p><img loading=\"lazy\" decoding=\"async\" class=\"alignnone wp-image-4501 size-large\" src=\"https:\/\/egea.ee\/wordpress\/wordpress\/wp-content\/uploads\/2023\/09\/nbrc-342-1024x683.png\" alt=\"\" width=\"1024\" height=\"683\" srcset=\"https:\/\/egea.ee\/wordpress\/wp-content\/uploads\/2023\/09\/nbrc-342-1024x683.png 1024w, https:\/\/egea.ee\/wordpress\/wp-content\/uploads\/2023\/09\/nbrc-342-300x200.png 300w, https:\/\/egea.ee\/wordpress\/wp-content\/uploads\/2023\/09\/nbrc-342-768x512.png 768w, https:\/\/egea.ee\/wordpress\/wp-content\/uploads\/2023\/09\/nbrc-342-1536x1024.png 1536w, https:\/\/egea.ee\/wordpress\/wp-content\/uploads\/2023\/09\/nbrc-342-2048x1365.png 2048w\" sizes=\"(max-width: 1024px) 100vw, 1024px\" \/><\/p>\n<p><i><span style=\"font-weight: 400;\">Pilt 4. Villem t\u00f5mbas l\u00f5\u00f5tsaga simmani korralikult k\u00e4ima. Autor HN<\/span><\/i><\/p>\n<p><span style=\"font-weight: 400;\">P.S. Kellel huvi rohkem, vaadaku ka ametlikku Instagrami kontot <\/span><a href=\"https:\/\/www.instagram.com\/nbrc2023\/\" target=\"_blank\" rel=\"noopener\"><span style=\"font-weight: 400;\">@nbrc2023<\/span><\/a><span style=\"font-weight: 400;\">.<\/span><\/p>\t\t\t\t\t\t<\/div>\n\t\t\t\t<\/div>\n\t\t\t\t\t<\/div>\n\t\t<\/div>\n\t\t\t\t\t<\/div>\n\t\t<\/section>\n\t\t\t\t<\/div>\n\t\t","protected":false},"excerpt":{"rendered":"<p>Meeleolu loomiseks kuulata hitt-lugusi nii meilt, kui ka v\u00e4lismaalt. Lennukaid ideid on meil ikka olnud, eriti kui asi puudutab rahvusvahelist seltskonda. Meie hulgas on palju neid, kes ise rohkelt v\u00e4lismaal ringi k\u00e4inud ning nautinud sealset rahvusvahelist \u00f5hustikku. Palju on r\u00e4\u00e4gitud sellest, et Kesk-Euroopas on elu nii lihtne, kuna k\u00f5ik on k\u00e4e-jala juures ja \u00fcritused toimuvad [&hellip;]<\/p>\n","protected":false},"author":5,"featured_media":4498,"comment_status":"open","ping_status":"open","sticky":false,"template":"","format":"standard","meta":{"site-sidebar-layout":"default","site-content-layout":"default","ast-site-content-layout":"","site-content-style":"default","site-sidebar-style":"default","ast-global-header-display":"","ast-banner-title-visibility":"","ast-main-header-display":"","ast-hfb-above-header-display":"","ast-hfb-below-header-display":"","ast-hfb-mobile-header-display":"","site-post-title":"","ast-breadcrumbs-content":"","ast-featured-img":"","footer-sml-layout":"","theme-transparent-header-meta":"default","adv-header-id-meta":"","stick-header-meta":"","header-above-stick-meta":"","header-main-stick-meta":"","header-below-stick-meta":"","astra-migrate-meta-layouts":"default","ast-page-background-enabled":"default","ast-page-background-meta":{"desktop":{"background-color":"var(--ast-global-color-4)","background-image":"","background-repeat":"repeat","background-position":"center center","background-size":"auto","background-attachment":"scroll","background-type":"","background-media":"","overlay-type":"","overlay-color":"","overlay-opacity":"","overlay-gradient":""},"tablet":{"background-color":"","background-image":"","background-repeat":"repeat","background-position":"center center","background-size":"auto","background-attachment":"scroll","background-type":"","background-media":"","overlay-type":"","overlay-color":"","overlay-opacity":"","overlay-gradient":""},"mobile":{"background-color":"","background-image":"","background-repeat":"repeat","background-position":"center center","background-size":"auto","background-attachment":"scroll","background-type":"","background-media":"","overlay-type":"","overlay-color":"","overlay-opacity":"","overlay-gradient":""}},"ast-content-background-meta":{"desktop":{"background-color":"var(--ast-global-color-5)","background-image":"","background-repeat":"repeat","background-position":"center center","background-size":"auto","background-attachment":"scroll","background-type":"","background-media":"","overlay-type":"","overlay-color":"","overlay-opacity":"","overlay-gradient":""},"tablet":{"background-color":"var(--ast-global-color-5)","background-image":"","background-repeat":"repeat","background-position":"center center","background-size":"auto","background-attachment":"scroll","background-type":"","background-media":"","overlay-type":"","overlay-color":"","overlay-opacity":"","overlay-gradient":""},"mobile":{"background-color":"var(--ast-global-color-5)","background-image":"","background-repeat":"repeat","background-position":"center center","background-size":"auto","background-attachment":"scroll","background-type":"","background-media":"","overlay-type":"","overlay-color":"","overlay-opacity":"","overlay-gradient":""}},"footnotes":""},"categories":[17,16],"tags":[],"class_list":["post-4499","post","type-post","status-publish","format-standard","has-post-thumbnail","hentry","category-kongress","category-uritused"],"_links":{"self":[{"href":"https:\/\/egea.ee\/wordpress\/wp-json\/wp\/v2\/posts\/4499","targetHints":{"allow":["GET"]}}],"collection":[{"href":"https:\/\/egea.ee\/wordpress\/wp-json\/wp\/v2\/posts"}],"about":[{"href":"https:\/\/egea.ee\/wordpress\/wp-json\/wp\/v2\/types\/post"}],"author":[{"embeddable":true,"href":"https:\/\/egea.ee\/wordpress\/wp-json\/wp\/v2\/users\/5"}],"replies":[{"embeddable":true,"href":"https:\/\/egea.ee\/wordpress\/wp-json\/wp\/v2\/comments?post=4499"}],"version-history":[{"count":35,"href":"https:\/\/egea.ee\/wordpress\/wp-json\/wp\/v2\/posts\/4499\/revisions"}],"predecessor-version":[{"id":5001,"href":"https:\/\/egea.ee\/wordpress\/wp-json\/wp\/v2\/posts\/4499\/revisions\/5001"}],"wp:featuredmedia":[{"embeddable":true,"href":"https:\/\/egea.ee\/wordpress\/wp-json\/wp\/v2\/media\/4498"}],"wp:attachment":[{"href":"https:\/\/egea.ee\/wordpress\/wp-json\/wp\/v2\/media?parent=4499"}],"wp:term":[{"taxonomy":"category","embeddable":true,"href":"https:\/\/egea.ee\/wordpress\/wp-json\/wp\/v2\/categories?post=4499"},{"taxonomy":"post_tag","embeddable":true,"href":"https:\/\/egea.ee\/wordpress\/wp-json\/wp\/v2\/tags?post=4499"}],"curies":[{"name":"wp","href":"https:\/\/api.w.org\/{rel}","templated":true}]}}